{"id":68,"date":"2010-06-03T17:06:43","date_gmt":"2010-06-03T17:06:43","guid":{"rendered":"http:\/\/www.miesbarcelonachair.com\/?p=18"},"modified":"2017-01-22T19:04:13","modified_gmt":"2017-01-22T19:04:13","slug":"barcelona-chair-ottoman-2","status":"publish","type":"post","link":"https:\/\/www.miesbarcelonachair.com\/de\/barcelona-chair\/barcelona-chair-ottoman-2.html","title":{"rendered":"Barcelona Chair und Ottoman"},"content":{"rendered":"<p>Der <strong>Barcelona-Sessel<\/strong> wurde exklusiv entworfen Pavillon f\u00fcr die deutsche, die dieses Land \\ &#8217;s Eintrag f\u00fcr das Ibero-Amerikanische Ausstellung von 1929, die Spanien war Gastgeber Barcelona. Das Design resultiert aus der Zusammenarbeit zwischen dem ber\u00fchmten Bauhaus-Architekten Ludwig Mies van der Rohe und seinem langj\u00e4hrigen Partner und Begleiter, Architekt und Designer Lilly Reich, deren Beitr\u00e4ge wurden erst vor kurzem anerkannt. Ein Symbol der Moderne wurde der Stuhl \\ &#8217;s Design durch die Kampagne und Klappst\u00fchle der Antike inspiriert.<\/p>\n<p><iframe loading=\"lazy\" width=\"1080\" height=\"608\" src=\"https:\/\/www.youtube.com\/embed\/lMLOKc-p1M4?feature=oembed\" frameborder=\"0\" allowfullscreen><\/iframe><\/p>\n<p>Lilly Reich seine Arbeit f\u00fcr die Deutsche Werkbund im Jahre 1912, einer Organisation, deren raison d \\ &#8218;etre wurde speziell Fokus auf den deutschen Industrie-Design, seine Qualit\u00e4t, Entwicklung und F\u00f6rderung. Reich war verantwortlich f\u00fcr Konzeption und Organisation von vielen der Werkbund \\ &#8217;s internationalen Ausstellungen, und im Jahre 1921 wurde die Organisation \\&#8216; s erstes weibliches Mitglied.<\/p>\n<p>Reich und van der Rohe trafen sich in der Mitte der 1920er Jahre und arbeitete an vielen dieser Ausstellung Design-Projekte, bis er f\u00fcr die Vereinigten Staaten reiste im Jahre 1938. W\u00e4hrend Reich immer van der Rohe in der \u00d6ffentlichkeit latenten war das Gegenteil gesagt, der Fall gewesen in privaten haben. W\u00e4hrend es nat\u00fcrlich schwierig, ist Aufteilung der Beitr\u00e4ge, dass jeder um einen bestimmten Design, interessant und ergreifend ist zu beachten, dass van der Rohe nie wieder eine M\u00f6belentw\u00fcrfe produziert, wenn ihre Partnerschaft endete, noch hatte er keine M\u00f6bel entworfen vorher. Sein erstes Patent auf ein M\u00f6bel-Design wurde 1927 erteilt und seine letzte im Jahr 1937.<\/p>\n<p>Reich \\ &#8217;s Zugeh\u00f6rigkeit zum Deutschen Werkbund und ihr architektonisches Werk mit van der Rohe auf dem Messe-Design und M\u00f6beldesign machte sie die nat\u00fcrliche Wahl f\u00fcr die Kommission, den Deutschen Pavillon in Barcelona Design.<\/p>\n<h2>Materialien in Barcelona Chair Gebrauchtwagen<\/h2>\n<p>Der <em>Barcelona Chair<\/em> Rahmen wurde urspr\u00fcnglich entwickelt, um miteinander verschraubt werden, sondern wurde 1950 neu gestaltet mit Edelstahl, die Metall erlaubt die nahtlose des St\u00fcckes Rahmen werden gebildet durch eine, die ihm ein glatteres Aussehen. Bovine Leder ersetzt das elfenbeinfarbene Schweinsleder, die f\u00fcr den urspr\u00fcnglichen St\u00fccke verwendet wurde.<\/p>\n<p>Das funktionale Design und Elemente daraus, dass von Mies in Deutschland, Spanien und den Vereinigten Staaten in den 1930er Jahren wurden patentiert seit abgelaufen. Der Barcelona-Sessel wurde in den USA und Europa in limitierter Produktion aus den 1930er Jahren hergestellt, um die 1950er Jahre. Im Jahr 1953, sechs Jahre nach Reich \\ &#8217;s Tod, abgetreten van der Rohe seine Rechte und seinen Namen auf die Gestaltung Knoll, wohl wissend, dass sein Geschmacksmuster abgelaufen waren. Diese Zusammenarbeit dann Beliebtheit bei der Gestaltung erneuert.<\/p>\n<p>Knoll Anspr\u00fcche auf die aktuelle lizenzierte Hersteller und Inhaber aller Markenrechte an das Design sein. Im Jahr 1965 kaufte Knoll die Markenrechte an den Barcelona-Wort von Drexel. Im Jahr 2004 erhielt Knoll Trade Dress Rechte an der Gestaltung der US-amerikanischen Patent and Trademark Office. Trotz dieser Marken, weiterhin ein gro\u00dfes Replikat Markt. Gordon International New York hat weiterhin die Designs seit den 1970er Jahren fertigen auch nach einer gerichtlichen Kampf gegen Knoll im Jahr 2005. Im Jahr 2008 brach ein anderes Gericht Schlacht zwischen Knoll und Alphaville Design Kalifornien, das Ergebnis steht noch aus Summary Judgment in Federal District Court.<\/p>","protected":false},"excerpt":{"rendered":"<p>Der Barcelona-Sessel wurde exklusiv entworfen Pavillon f\u00fcr die deutsche, die dieses Land \\ &#8217;s Eintrag f\u00fcr das Ibero-Amerikanische Ausstellung von 1929, die Spanien war Gastgeber Barcelona. Das Design resultiert aus der Zusammenarbeit zwischen dem ber\u00fchmten Bauhaus-Architekten Ludwig Mies van der Rohe und seinem langj\u00e4hrigen Partner und Begleiter, Architekt und Designer Lilly Reich, deren Beitr\u00e4ge wurden [&hellip;]<\/p>\n","protected":false},"author":1,"featured_media":261,"comment_status":"closed","ping_status":"closed","sticky":true,"template":"","format":"standard","meta":{"_et_pb_use_builder":"","_et_pb_old_content":"","_et_gb_content_width":"","footnotes":""},"categories":[11],"tags":[12,13,5,9],"_links":{"self":[{"href":"https:\/\/www.miesbarcelonachair.com\/de\/wp-json\/wp\/v2\/posts\/68"}],"collection":[{"href":"https:\/\/www.miesbarcelonachair.com\/de\/wp-json\/wp\/v2\/posts"}],"about":[{"href":"https:\/\/www.miesbarcelonachair.com\/de\/wp-json\/wp\/v2\/types\/post"}],"author":[{"embeddable":true,"href":"https:\/\/www.miesbarcelonachair.com\/de\/wp-json\/wp\/v2\/users\/1"}],"replies":[{"embeddable":true,"href":"https:\/\/www.miesbarcelonachair.com\/de\/wp-json\/wp\/v2\/comments?post=68"}],"version-history":[{"count":4,"href":"https:\/\/www.miesbarcelonachair.com\/de\/wp-json\/wp\/v2\/posts\/68\/revisions"}],"predecessor-version":[{"id":301,"href":"https:\/\/www.miesbarcelonachair.com\/de\/wp-json\/wp\/v2\/posts\/68\/revisions\/301"}],"wp:featuredmedia":[{"embeddable":true,"href":"https:\/\/www.miesbarcelonachair.com\/de\/wp-json\/wp\/v2\/media\/261"}],"wp:attachment":[{"href":"https:\/\/www.miesbarcelonachair.com\/de\/wp-json\/wp\/v2\/media?parent=68"}],"wp:term":[{"taxonomy":"category","embeddable":true,"href":"https:\/\/www.miesbarcelonachair.com\/de\/wp-json\/wp\/v2\/categories?post=68"},{"taxonomy":"post_tag","embeddable":true,"href":"https:\/\/www.miesbarcelonachair.com\/de\/wp-json\/wp\/v2\/tags?post=68"}],"curies":[{"name":"wp","href":"https:\/\/api.w.org\/{rel}","templated":true}]}}