{"id":171,"date":"2011-02-11T01:54:23","date_gmt":"2011-02-11T01:54:23","guid":{"rendered":"http:\/\/www.miesbarcelonachair.com\/?p=171"},"modified":"2017-01-22T18:57:35","modified_gmt":"2017-01-22T18:57:35","slug":"knoll-inc-and-alphaville-design-inc-resolve-trademark-dispute-relating-to-mies-van-der-rohe-furniture","status":"publish","type":"post","link":"https:\/\/www.miesbarcelonachair.com\/es\/news\/knoll-inc-and-alphaville-design-inc-resolve-trademark-dispute-relating-to-mies-van-der-rohe-furniture.html","title":{"rendered":"Knoll Inc. y Dise\u00f1o Alphaville Inc. resolver controversias de marcas relativas a Mies van der Rohe de muebles"},"content":{"rendered":"<p>Knoll, Inc. (NYSE: KNL) y Dise\u00f1o de Alphaville, Inc. ha anunciado hoy que han resuelto su disputa sobre Knoll \\ &#8216;s registradas \\ marca \u00abBARCELONA \u00ae \u00bb (EE.UU. Registro de Marcas N \u00b0 772313), y sobre sus marcas a la Presidencia de Barcelona (EE.UU. Registro de Marcas N \u00b0 2893025), las heces de Barcelona (Reino Unido de Marcas N \u00b0 2894977), Sof\u00e1 Barcelona (EE.UU. Marca N \u00ba 2.894.980), el cuadro de Barcelona (EE.UU. Marca N \u00ba 2.894.979), y Presidente de Brno Apartamento (Alemania Marca N \u00ba 2894978). Knoll hab\u00eda alegado que determinados productos vendidos por Alphaville Dise\u00f1o infringido las marcas Knoll, mientras que Alphaville Dise\u00f1o afirm\u00f3 que las marcas no eran v\u00e1lidos. Para resolver la controversia, Alphaville Design, Inc. y sus propietarios, David y Peggy Lee, reconoci\u00f3 la validez de, y Knoll \\ &#8216;s los derechos de las marcas comerciales anteriormente mencionados, ya cambio Knoll les concedi\u00f3 el derecho de vender productos similares por un per\u00edodo limitado de tiempo. En relaci\u00f3n con el acuerdo, las partes han acordado desestimar la demanda pendiente en el Tribunal de Distrito de EE.UU. para el Distrito Norte de California.<\/p>\n<p><strong>Acerca de Knoll<\/strong><\/p>\n<p>Desde 1938, Knoll ha sido reconocida internacionalmente para la creaci\u00f3n de lugares de trabajo y mobiliario residencial que inspiran, evolucionar y perdurar. Hoy en d\u00eda, nuestro compromiso con el dise\u00f1o moderno, nuestra comprensi\u00f3n del lugar de trabajo y nuestra dedicaci\u00f3n al dise\u00f1o sostenible ha dado una cartera \u00fanica de productos que responden y se adaptan a las necesidades cambiantes. En junio de 2009, la silla de trabajo Generaci\u00f3n por Knoll gan\u00f3 un premio de Oro en el concurso Best of NeoCon \u00ae de productos contract. Knoll est\u00e1 alineado con los EE.UU. Green Building Council y la Agencia Canadiense Green Building Council y puede ayudar a las empresas a alcanzar Liderazgo en Energ\u00eda y Dise\u00f1o Ambiental (LEED \u00ae) la certificaci\u00f3n de trabajo. Knoll es la industria de muebles de \\ &#8216;s primer miembro de la Chicago Climate Exchange (CCX \u00ae) y es el patrocinador fundador de la World Monuments Fund Modernismo en el programa de riesgo.<\/p>\n<p>P\u00f3ngase en contacto con:<br \/>\nDavid E. brillante<br \/>\nKnoll, Inc.<br \/>\n212 343-4135<br \/>\n<a href=\"mailto:dbright@knoll.com\">dbright@knoll.com<br \/>\n<\/a>Fuente: Noticias Knoll<\/p>","protected":false},"excerpt":{"rendered":"<p>Knoll, Inc. (NYSE: KNL) y Dise\u00f1o de Alphaville, Inc. ha anunciado hoy que han resuelto su disputa sobre Knoll \\ &#8216;s registradas \\ marca \u00abBARCELONA \u00ae \u00bb (EE.UU. Registro de Marcas N \u00b0 772313), y sobre sus marcas a la Presidencia de Barcelona (EE.UU. Registro de Marcas N \u00b0 2893025), las heces de Barcelona (Reino [&hellip;]<\/p>\n","protected":false},"author":1,"featured_media":0,"comment_status":"closed","ping_status":"closed","sticky":false,"template":"","format":"standard","meta":{"_et_pb_use_builder":"","_et_pb_old_content":"","_et_gb_content_width":"","footnotes":""},"categories":[16],"tags":[5],"_links":{"self":[{"href":"https:\/\/www.miesbarcelonachair.com\/es\/wp-json\/wp\/v2\/posts\/171"}],"collection":[{"href":"https:\/\/www.miesbarcelonachair.com\/es\/wp-json\/wp\/v2\/posts"}],"about":[{"href":"https:\/\/www.miesbarcelonachair.com\/es\/wp-json\/wp\/v2\/types\/post"}],"author":[{"embeddable":true,"href":"https:\/\/www.miesbarcelonachair.com\/es\/wp-json\/wp\/v2\/users\/1"}],"replies":[{"embeddable":true,"href":"https:\/\/www.miesbarcelonachair.com\/es\/wp-json\/wp\/v2\/comments?post=171"}],"version-history":[{"count":2,"href":"https:\/\/www.miesbarcelonachair.com\/es\/wp-json\/wp\/v2\/posts\/171\/revisions"}],"predecessor-version":[{"id":299,"href":"https:\/\/www.miesbarcelonachair.com\/es\/wp-json\/wp\/v2\/posts\/171\/revisions\/299"}],"wp:attachment":[{"href":"https:\/\/www.miesbarcelonachair.com\/es\/wp-json\/wp\/v2\/media?parent=171"}],"wp:term":[{"taxonomy":"category","embeddable":true,"href":"https:\/\/www.miesbarcelonachair.com\/es\/wp-json\/wp\/v2\/categories?post=171"},{"taxonomy":"post_tag","embeddable":true,"href":"https:\/\/www.miesbarcelonachair.com\/es\/wp-json\/wp\/v2\/tags?post=171"}],"curies":[{"name":"wp","href":"https:\/\/api.w.org\/{rel}","templated":true}]}}