{"id":57,"date":"2010-03-03T06:15:40","date_gmt":"2010-03-03T06:15:40","guid":{"rendered":"http:\/\/www.miesbarcelonachair.com\/?p=57"},"modified":"2017-01-22T19:13:13","modified_gmt":"2017-01-22T19:13:13","slug":"barcelona-daybed","status":"publish","type":"post","link":"https:\/\/www.miesbarcelonachair.com\/es\/barcelona-daybed\/barcelona-daybed.html","title":{"rendered":"Barcelona div\u00e1n"},"content":{"rendered":"<p>Barcelona div\u00e1n Mies Van de Rohe de Barcelona sal\u00f3n sof\u00e1 cama es un cl\u00e1sico del dise\u00f1o de mobiliario moderno del siglo 20 por el arquitecto Ludwig Mies van der Rohe, uno de los m\u00e1s elegantes piezas de mobiliario moderno del siglo 20.<\/p>\n<p>Barcelona div\u00e1n viene en el amortiguador del cuero genuino italiano, patas de acero inoxidable, marco de madera y cuero Woolnut.<\/p>","protected":false},"excerpt":{"rendered":"<p class=\"qtranxs-available-languages-message qtranxs-available-languages-message-es\">Disculpa, pero esta entrada est\u00e1 disponible s\u00f3lo en <a href=\"https:\/\/www.miesbarcelonachair.com\/de\/wp-json\/wp\/v2\/posts\/57\" class=\"qtranxs-available-language-link qtranxs-available-language-link-de\" title=\"Deutsch\">Deutsch<\/a>, <a href=\"https:\/\/www.miesbarcelonachair.com\/en\/wp-json\/wp\/v2\/posts\/57\" class=\"qtranxs-available-language-link qtranxs-available-language-link-en\" title=\"English\">English<\/a> y <a href=\"https:\/\/www.miesbarcelonachair.com\/fr\/wp-json\/wp\/v2\/posts\/57\" class=\"qtranxs-available-language-link qtranxs-available-language-link-fr\" title=\"Fran\u00e7ais\">Fran\u00e7ais<\/a>.<\/p>\n","protected":false},"author":1,"featured_media":58,"comment_status":"closed","ping_status":"closed","sticky":false,"template":"","format":"standard","meta":{"_et_pb_use_builder":"","_et_pb_old_content":"","_et_gb_content_width":"","footnotes":""},"categories":[7],"tags":[8,9,6],"_links":{"self":[{"href":"https:\/\/www.miesbarcelonachair.com\/es\/wp-json\/wp\/v2\/posts\/57"}],"collection":[{"href":"https:\/\/www.miesbarcelonachair.com\/es\/wp-json\/wp\/v2\/posts"}],"about":[{"href":"https:\/\/www.miesbarcelonachair.com\/es\/wp-json\/wp\/v2\/types\/post"}],"author":[{"embeddable":true,"href":"https:\/\/www.miesbarcelonachair.com\/es\/wp-json\/wp\/v2\/users\/1"}],"replies":[{"embeddable":true,"href":"https:\/\/www.miesbarcelonachair.com\/es\/wp-json\/wp\/v2\/comments?post=57"}],"version-history":[{"count":2,"href":"https:\/\/www.miesbarcelonachair.com\/es\/wp-json\/wp\/v2\/posts\/57\/revisions"}],"predecessor-version":[{"id":306,"href":"https:\/\/www.miesbarcelonachair.com\/es\/wp-json\/wp\/v2\/posts\/57\/revisions\/306"}],"wp:featuredmedia":[{"embeddable":true,"href":"https:\/\/www.miesbarcelonachair.com\/es\/wp-json\/wp\/v2\/media\/58"}],"wp:attachment":[{"href":"https:\/\/www.miesbarcelonachair.com\/es\/wp-json\/wp\/v2\/media?parent=57"}],"wp:term":[{"taxonomy":"category","embeddable":true,"href":"https:\/\/www.miesbarcelonachair.com\/es\/wp-json\/wp\/v2\/categories?post=57"},{"taxonomy":"post_tag","embeddable":true,"href":"https:\/\/www.miesbarcelonachair.com\/es\/wp-json\/wp\/v2\/tags?post=57"}],"curies":[{"name":"wp","href":"https:\/\/api.w.org\/{rel}","templated":true}]}}