{"id":62,"date":"2010-03-03T06:22:58","date_gmt":"2010-03-03T06:22:58","guid":{"rendered":"http:\/\/www.miesbarcelonachair.com\/?p=62"},"modified":"2017-01-22T19:09:32","modified_gmt":"2017-01-22T19:09:32","slug":"links","status":"publish","type":"post","link":"https:\/\/www.miesbarcelonachair.com\/fr\/barcelona-chair\/links.html","title":{"rendered":"Liens"},"content":{"rendered":"<p>Autres sites inspir\u00e9s par Mies van der Rohe de<\/p>\n<p>Le Rohe Fundaci\u00f3 Mies van der<br \/>\nLa Fundaci\u00f3 Mies van der Rohe a \u00e9t\u00e9 cr\u00e9\u00e9 en 1983 par le Conseil municipal de Barcelone avec l&rsquo;objectif initial de la reconstruction du pavillon allemand, con\u00e7u par Ludwig Mies van der Rohe (1886-1969) pour l&rsquo;Exposition Internationale de Barcelone en 1929.<\/p>\n<p>Http: \/ \/ www.miesbcn.com<\/p>\n<p>Chicago Landmarks<br \/>\nHttp: \/ \/ www.ci.chi.il.us \/ Culture \/ Architectes \/ VanDerRohe.html<\/p>\n<p>Great Buildings: Pavillon de Barcelone<br \/>\nHttp: \/ \/ www.greatbuildings.com \/ b\u00e2timents \/ Barcelona_Pavilion.html<\/p>\n<p>Ludwig Mies van der Rohe (WikiPedia.org)<br \/>\nHttp: \/ \/ en.wikipedia.org \/ wiki \/ Ludwig_Mies_van_der_Rohe<\/p>","protected":false},"excerpt":{"rendered":"<p>Other related sites inspired by Mies van de Rohe<\/p>\n<p>The Fundaci\u00f3 Mies van der Rohe<br \/>\nThe Fundaci\u00f3 Mies van der Rohe was created in 1983 by the Barcelona City Council with the initial goal of rebuilding the German pavilion, designed by Ludwig Mies van der Rohe (1886-1969) for the International Exposition in Barcelona 1929.<\/p>\n","protected":false},"author":1,"featured_media":0,"comment_status":"closed","ping_status":"closed","sticky":false,"template":"","format":"standard","meta":{"_et_pb_use_builder":"","_et_pb_old_content":"","_et_gb_content_width":"","footnotes":""},"categories":[11],"tags":[5,6],"_links":{"self":[{"href":"https:\/\/www.miesbarcelonachair.com\/fr\/wp-json\/wp\/v2\/posts\/62"}],"collection":[{"href":"https:\/\/www.miesbarcelonachair.com\/fr\/wp-json\/wp\/v2\/posts"}],"about":[{"href":"https:\/\/www.miesbarcelonachair.com\/fr\/wp-json\/wp\/v2\/types\/post"}],"author":[{"embeddable":true,"href":"https:\/\/www.miesbarcelonachair.com\/fr\/wp-json\/wp\/v2\/users\/1"}],"replies":[{"embeddable":true,"href":"https:\/\/www.miesbarcelonachair.com\/fr\/wp-json\/wp\/v2\/comments?post=62"}],"version-history":[{"count":4,"href":"https:\/\/www.miesbarcelonachair.com\/fr\/wp-json\/wp\/v2\/posts\/62\/revisions"}],"predecessor-version":[{"id":304,"href":"https:\/\/www.miesbarcelonachair.com\/fr\/wp-json\/wp\/v2\/posts\/62\/revisions\/304"}],"wp:attachment":[{"href":"https:\/\/www.miesbarcelonachair.com\/fr\/wp-json\/wp\/v2\/media?parent=62"}],"wp:term":[{"taxonomy":"category","embeddable":true,"href":"https:\/\/www.miesbarcelonachair.com\/fr\/wp-json\/wp\/v2\/categories?post=62"},{"taxonomy":"post_tag","embeddable":true,"href":"https:\/\/www.miesbarcelonachair.com\/fr\/wp-json\/wp\/v2\/tags?post=62"}],"curies":[{"name":"wp","href":"https:\/\/api.w.org\/{rel}","templated":true}]}}