{"id":69,"date":"2010-03-03T17:22:56","date_gmt":"2010-03-03T17:22:56","guid":{"rendered":"http:\/\/www.miesbarcelonachair.com\/?p=20"},"modified":"2017-01-22T19:07:12","modified_gmt":"2017-01-22T19:07:12","slug":"about-us","status":"publish","type":"post","link":"https:\/\/www.miesbarcelonachair.com\/fr\/barcelona-chair\/about-us.html","title":{"rendered":"A propos de nous"},"content":{"rendered":"<p>Le site est d\u00e9di\u00e9 \u00e0 Mies van der Rohe et de inspir\u00e9s par son travail en particulier dans les meubles de design moderne.<\/p>","protected":false},"excerpt":{"rendered":"<p>Le site est d\u00e9di\u00e9 \u00e0 Mies van der Rohe et de inspir\u00e9s par son travail en particulier dans les meubles de design moderne.<\/p>\n","protected":false},"author":1,"featured_media":0,"comment_status":"closed","ping_status":"closed","sticky":false,"template":"","format":"standard","meta":{"_et_pb_use_builder":"","_et_pb_old_content":"","_et_gb_content_width":"","footnotes":""},"categories":[11],"tags":[15,6],"_links":{"self":[{"href":"https:\/\/www.miesbarcelonachair.com\/fr\/wp-json\/wp\/v2\/posts\/69"}],"collection":[{"href":"https:\/\/www.miesbarcelonachair.com\/fr\/wp-json\/wp\/v2\/posts"}],"about":[{"href":"https:\/\/www.miesbarcelonachair.com\/fr\/wp-json\/wp\/v2\/types\/post"}],"author":[{"embeddable":true,"href":"https:\/\/www.miesbarcelonachair.com\/fr\/wp-json\/wp\/v2\/users\/1"}],"replies":[{"embeddable":true,"href":"https:\/\/www.miesbarcelonachair.com\/fr\/wp-json\/wp\/v2\/comments?post=69"}],"version-history":[{"count":4,"href":"https:\/\/www.miesbarcelonachair.com\/fr\/wp-json\/wp\/v2\/posts\/69\/revisions"}],"predecessor-version":[{"id":303,"href":"https:\/\/www.miesbarcelonachair.com\/fr\/wp-json\/wp\/v2\/posts\/69\/revisions\/303"}],"wp:attachment":[{"href":"https:\/\/www.miesbarcelonachair.com\/fr\/wp-json\/wp\/v2\/media?parent=69"}],"wp:term":[{"taxonomy":"category","embeddable":true,"href":"https:\/\/www.miesbarcelonachair.com\/fr\/wp-json\/wp\/v2\/categories?post=69"},{"taxonomy":"post_tag","embeddable":true,"href":"https:\/\/www.miesbarcelonachair.com\/fr\/wp-json\/wp\/v2\/tags?post=69"}],"curies":[{"name":"wp","href":"https:\/\/api.w.org\/{rel}","templated":true}]}}